{"id":16832,"date":"2021-01-25T12:17:35","date_gmt":"2021-01-25T10:17:35","guid":{"rendered":"https:\/\/www.kaunokolegija.lt\/vf\/?p=16832"},"modified":"2021-01-25T19:25:26","modified_gmt":"2021-01-25T17:25:26","slug":"prasidejo-registracija-2021-m-erasmus-studijoms-praktikai","status":"publish","type":"post","link":"https:\/\/archyvas.kaunokolegija.lt\/vf\/prasidejo-registracija-2021-m-erasmus-studijoms-praktikai\/","title":{"rendered":"Prasid\u0117jo registracija 2021 m. Erasmus+ studijoms \/ praktikai"},"content":{"rendered":"<p><strong>Nuo sausio 25 d. prasideda <a href=\"https:\/\/docs.google.com\/forms\/d\/e\/1FAIpQLSfu1nIrymiT69WihuzPe_fRyL_7oD-tV6sH-jJ1hr_D1BNr2g\/viewform\">registracija<\/a> norintiems pagal main\u0173 program\u0105 \u201eErasmus+\u201c atlikti praktik\u0105 <\/strong><strong>pavasario semestre arba i\u0161vykti studijoms rudens semestre. Parai\u0161k\u0173 teikimas vyks iki kovo 10 d. <\/strong><\/p>\n<p><strong>K\u0105\u00a0daryti, norint i\u0161vykti studijoms pagal \u201eErasmus+\u201c main\u0173 program\u0105?<\/strong><\/p>\n<ol>\n<li>Pirmiausia studentas turi i\u0161sirinkti u\u017esienio institucij\u0105, \u012f kuri\u0105 nor\u0117t\u0173 vykti.\u00a0 Pad\u0117ti tai padaryti gali Kauno kolegijos Verslo fakulteto tarptautin\u0117s veiklos koordinatorius Modestas Riauka (e. p. <a href=\"mailto:modestas.riauka@go.kauko.lt\">modestas.riauka@go.kauko.lt )<\/a>. Studijuoti gali vykti tik antro kurso studentai, o praktikai galima vykti jau po pirmojo kurso, priklausomai nuo studij\u0173 programos.<\/li>\n<li><strong>Iki kovo 10 d. <\/strong>studentas turi u\u017esiregistruoti\u00a0<a href=\"https:\/\/docs.google.com\/forms\/d\/e\/1FAIpQLSfu1nIrymiT69WihuzPe_fRyL_7oD-tV6sH-jJ1hr_D1BNr2g\/viewform\"><strong>aplikavimo sistemoje <\/strong><\/a>ir joje\u00a0<strong>u\u017epildyti studento registracijos\u00a0<\/strong>dalyvauti atrankoje<strong>\u00a0anket\u0105.\u00a0<\/strong><\/li>\n<\/ol>\n<p><strong>\u012e kokius\u00a0\u00a0kriterijus atsi\u017evelgiama vykdant student\u0173 atrank\u0105 studijoms \/ praktikai pagal \u201eErasmus+\u201d?<\/strong><\/p>\n<ul>\n<li>Studij\u0173 u\u017esienyje plano\/praktikos vietos atitikt\u012f studijuojamai programai;<\/li>\n<li>Studento akademinius pasiekimus;<\/li>\n<li>U\u017esienio kalbos mok\u0117jim\u0105 (tos \u0161alies, \u012f kuri\u0105 vykstama, kalbos arba tos kalbos, kuria vyksta numatomos studijos\/praktika partnerin\u0117je institucijoje);<\/li>\n<li>Studento motyvacij\u0105, jo geb\u0117jim\u0105 studij\u0173\/praktikos u\u017esienyje teikiamas galimybes integruoti \u012f savo studijas kolegijoje bei tolimesnius akademinius\/profesinius planus;<\/li>\n<li>Studento bendravimo geb\u0117jimus ir jo pasirengim\u0105 tarpkult\u016brinei patir\u010diai.<\/li>\n<\/ul>\n<p><em>Apie pirmo atrankos etapo rezultatus studentai bus informuojami asmeni\u0161kai.<\/em><\/p>\n<p><strong>Pastaba! Galimyb\u0117 vykti studijoms priklausys nuo COVID-19 pandemijos situacijos pasaulyje.\u00a0<\/strong>Atkreipiame d\u0117mes\u012f, kad Kauno kolegijos studentams, dalyvaujantiems \u201eErasmus+\u201c programoje, yra skiriamas kofinansavimas. Jei d\u0117l COVID-19 susidariusios situacijos, atvykus \u012f kit\u0105 \u0161al\u012f, reik\u0117t\u0173 saviizioliuotis, stipendija skiriama ir u\u017e \u0161\u012f period\u0105.<\/p>\n<p><a href=\"https:\/\/archyvas.kaunokolegija.lt\/studentams\/studijos-praktika-uzsienyje\/#1585118476565-607e05f9-e56e\"><strong>Daugiau informacijos<\/strong><\/a><\/p>\n<p>I\u0161kilus klausim\u0173 galite kreiptis \u012f Verslo fakulteto tarptautin\u0117s veiklos koordinatori\u0173 Modest\u0105 Riauk\u0105 (Pramon\u0117s pr. 20, 4-21, e. p.\u00a0<a href=\"mailto:modestas.riauka@go.kauko.lt\">modestas.riauka@go.kauko.lt<\/a>), i\u0161 anksto susisiekus su koordinatoriumi el. pa\u0161tu ir informavus apie atvykimo laik\u0105.<\/p>\n","protected":false},"excerpt":{"rendered":"<p>Nuo sausio 25 d. prasideda registracija norintiems pagal main\u0173 program\u0105 \u201eErasmus+\u201c atlikti praktik\u0105 pavasario semestre arba i\u0161vykti studijoms rudens semestre. Parai\u0161k\u0173 teikimas vyks iki kovo 10 d. K\u0105\u00a0daryti, norint i\u0161vykti studijoms pagal \u201eErasmus+\u201c main\u0173 program\u0105? Pirmiausia studentas turi i\u0161sirinkti u\u017esienio institucij\u0105, \u012f kuri\u0105 nor\u0117t\u0173 vykti.\u00a0 Pad\u0117ti tai padaryti gali Kauno kolegijos Verslo fakulteto tarptautin\u0117s veiklos [&hellip;]<\/p>\n","protected":false},"author":8,"featured_media":16837,"comment_status":"open","ping_status":"open","sticky":false,"template":"","format":"standard","meta":{"footnotes":""},"categories":[1],"tags":[24],"class_list":["post-16832","post","type-post","status-publish","format-standard","has-post-thumbnail","hentry","category-naujienos","tag-erasmus"],"_links":{"self":[{"href":"https:\/\/archyvas.kaunokolegija.lt\/vf\/wp-json\/wp\/v2\/posts\/16832","targetHints":{"allow":["GET"]}}],"collection":[{"href":"https:\/\/archyvas.kaunokolegija.lt\/vf\/wp-json\/wp\/v2\/posts"}],"about":[{"href":"https:\/\/archyvas.kaunokolegija.lt\/vf\/wp-json\/wp\/v2\/types\/post"}],"author":[{"embeddable":true,"href":"https:\/\/archyvas.kaunokolegija.lt\/vf\/wp-json\/wp\/v2\/users\/8"}],"replies":[{"embeddable":true,"href":"https:\/\/archyvas.kaunokolegija.lt\/vf\/wp-json\/wp\/v2\/comments?post=16832"}],"version-history":[{"count":5,"href":"https:\/\/archyvas.kaunokolegija.lt\/vf\/wp-json\/wp\/v2\/posts\/16832\/revisions"}],"predecessor-version":[{"id":16839,"href":"https:\/\/archyvas.kaunokolegija.lt\/vf\/wp-json\/wp\/v2\/posts\/16832\/revisions\/16839"}],"wp:featuredmedia":[{"embeddable":true,"href":"https:\/\/archyvas.kaunokolegija.lt\/vf\/wp-json\/wp\/v2\/media\/16837"}],"wp:attachment":[{"href":"https:\/\/archyvas.kaunokolegija.lt\/vf\/wp-json\/wp\/v2\/media?parent=16832"}],"wp:term":[{"taxonomy":"category","embeddable":true,"href":"https:\/\/archyvas.kaunokolegija.lt\/vf\/wp-json\/wp\/v2\/categories?post=16832"},{"taxonomy":"post_tag","embeddable":true,"href":"https:\/\/archyvas.kaunokolegija.lt\/vf\/wp-json\/wp\/v2\/tags?post=16832"}],"curies":[{"name":"wp","href":"https:\/\/api.w.org\/{rel}","templated":true}]}}