{"id":14991,"date":"2024-03-14T08:27:10","date_gmt":"2024-03-14T06:27:10","guid":{"rendered":"https:\/\/www.kaunokolegija.lt\/mf\/?p=14991"},"modified":"2024-05-03T08:56:22","modified_gmt":"2024-05-03T05:56:22","slug":"kvieciame-i-moksline-konferencija-slaugos-mokslas-ir-praktika-issukiai-ir-galimybes-2024","status":"publish","type":"post","link":"https:\/\/archyvas.kaunokolegija.lt\/mf\/kvieciame-i-moksline-konferencija-slaugos-mokslas-ir-praktika-issukiai-ir-galimybes-2024\/","title":{"rendered":"Kvie\u010diame \u012f mokslin\u0119 konferencij\u0105 \u201eSlaugos mokslas ir praktika: i\u0161\u0161\u016bkiai ir galimyb\u0117s 2024\u201c"},"content":{"rendered":"<div class=\"wpb-content-wrapper\"><p>[v<\/p>\n<p>[vc_row][vc_column width=&#8221;1\/3&#8243;][vc_empty_space][vc_column_text]<i class=\"fa fa-calendar \" ><\/i> Gegu\u017e\u0117s 8 d.[\/vc_column_text][\/vc_column][vc_column width=&#8221;1\/3&#8243;][vc_empty_space][vc_column_text]<i class=\"fa fa-clock-o \" ><\/i> 10:00 val.[\/vc_column_text][\/vc_column][vc_column width=&#8221;1\/3&#8243;][vc_empty_space][vc_column_text]<i class=\"fa fa-map-marker \" ><\/i> Puod\u017ei\u0173 g. 11, Kaunas[\/vc_column_text][\/vc_column][\/vc_row][vc_row][vc_column][vc_column_text]<\/p>\n<p style=\"text-align: center\">Kvie\u010diame dalyvauti Kauno kolegijos Medicinos fakulteto mokslin\u0117je konferencijoje<\/p>\n<p style=\"text-align: center\"><strong>\u201eSlaugos mokslas ir praktika: i\u0161\u0161\u016bkiai ir galimyb\u0117s 2024\u201c<\/strong>,<\/p>\n<p style=\"text-align: center\">skirtoje Tarptautinei slaugytoj\u0173 ir aku\u0161eri\u0173 dienai pamin\u0117ti.<\/p>\n<p>&nbsp;<\/p>\n<p>\u21d2 Prane\u0161imai, atsi\u017evelgiant \u012f konferencijos tematines kryptis po plenarinio pos\u0117d\u017eio, bus skirstomi \u012f 2 sekcijas.<br \/>\n\u21d2 Prane\u0161imus sekcijose skaitys asmuo iki nustatytos datos u\u017esiregistrav\u0119s \u012f konferencij\u0105.<br \/>\n\u21d2 Pristatymui skiriama 15 min.<\/p>\n<p><strong>Konferencijos tematin\u0117s\u00a0 kryptys:<\/strong><\/p>\n<ol>\n<li><strong><em>\u012erodymais pagr\u012fstos slaugos praktikos aktualijos.<\/em><\/strong><\/li>\n<li><strong><em>\u012erodymais pagr\u012fstos aku\u0161erijos praktikos aktualijos. <\/em><\/strong><\/li>\n<\/ol>\n<p>\u21d2 Konferencijos kalba: lietuvi\u0173.[\/vc_column_text][vc_column_text][\/vc_column_text][\/vc_column][\/vc_row][vc_row][vc_column][vc_column_text]<\/p>\n<p>[\/vc_column_text][vc_column_text][\/vc_column_text][\/vc_column][\/vc_row][vc_row][vc_column width=&#8221;1\/2&#8243;][vc_empty_space][vc_single_image image=&#8221;12433&#8243; img_size=&#8221;Large&#8221;][\/vc_column][vc_column width=&#8221;1\/2&#8243;][vc_empty_space][vc_empty_space][vc_tta_pageable no_fill_content_area=&#8221;true&#8221; active_section=&#8221;1&#8243; pagination_color=&#8221;juicy-pink&#8221;][vc_tta_section title=&#8221;Mokslinis komitetas&#8221; tab_id=&#8221;1679901829813-24d9d5a7-d41d&#8221;][vc_column_text]<strong>MOKSLINIS KOMITETAS:<\/strong><\/p>\n<p>\u2022 dr. Viktorija Pi\u0161\u010dalkien\u0117, Slaugos katedros docent\u0117<br \/>\n\u2022 dr. Alina Va\u0161kelyt\u0117, Slaugos katedros lektor\u0117<br \/>\n\u2022 Alina Liepinaitien\u0117, Slaugos katedros lektor\u0117[\/vc_column_text][\/vc_tta_section][vc_tta_section title=&#8221;Organizacinis komitetas&#8221; tab_id=&#8221;1679901829820-35239d6b-c540&#8243;][vc_column_text]<strong>ORGANIZACINIS KOMITETAS:\u00a0<\/strong><\/p>\n<p>\u2022 Julius Dovydaitis, MF dekanas<br \/>\n\u2022 dr. Vaidas Jotautis, Slaugos katedros ved\u0117jas<br \/>\n\u2022 Vilma Rastenien\u0117, kokyb\u0117s vystymo vadov\u0117<br \/>\n\u2022 Rasa Juozapavi\u010dien\u0117, t\u0119stini\u0173 studij\u0173 ved\u0117ja<br \/>\n\u2022 Dalia Kiverien\u0117, Slaugos katedros lektor\u0117<br \/>\n\u2022 Dal\u0117 Smaid\u017ei\u016bnien\u0117, Slaugos katedros lektor\u0117<br \/>\n\u2022 Regina Bal\u010di\u016bnien\u0117, Slaugos katedros lektor\u0117<br \/>\n\u2022 Jolanta Ulozien\u0117, Slaugos katedros lektor\u0117<br \/>\n\u2022 R\u016bta Lukianskyt\u0117, Slaugos katedros lektor\u0117[\/vc_column_text][\/vc_tta_section][\/vc_tta_pageable][\/vc_column][\/vc_row][vc_row][vc_column][vc_column_text]<span style=\"font-size: 14pt\"><strong>Svarbiausios datos:<br \/>\n<\/strong><\/span><br \/>\n\u21d2 Prane\u0161\u0117j\u0173 registracija iki <strong>baland\u017eio 2 d.<\/strong>, dalyvi\u0173 registracija iki <strong>gegu\u017e\u0117s 7 d.<\/strong> \u21d2\u00a0<span style=\"color: #e24061\"><a style=\"color: #e24061\" href=\"https:\/\/forms.gle\/PJUY5ZmgFNwfv2cR7\" target=\"_blank\" rel=\"noopener\"><strong>Registracijos forma.<\/strong><\/a><br \/>\n<\/span><span style=\"color: #000000\">\u21d2 Konferencijos <strong>\u21d2<\/strong>\u00a0<strong><a style=\"color: #000000\" href=\"https:\/\/archyvas.kaunokolegija.lt\/kk_wp_content\/uploads\/sites\/9\/2024\/05\/2024-05-08-Konferencijos-programa-OK.pdf\">PROGRAMA<\/a><\/strong><\/span><\/p>\n<p><em>Konferencijos prane\u0161\u0117jams, kurie dalyvavo vis\u0105 konferencijos laik\u0105, bus <strong>i\u0161duodami elektroniniai pa\u017eym\u0117jimai<\/strong>\u00a0(i\u0161siun\u010diami registracijos metu pateiktu el. pa\u0161tu).<\/em>[\/vc_column_text][\/vc_column][\/vc_row][vc_column][vc_column_text][\/vc_column_text][\/vc_column]<\/p>\n<\/div>","protected":false},"excerpt":{"rendered":"<p>[v [vc_row][vc_column width=&#8221;1\/3&#8243;][vc_empty_space][vc_column_text] Gegu\u017e\u0117s 8 d.[\/vc_column_text][\/vc_column][vc_column width=&#8221;1\/3&#8243;][vc_empty_space][vc_column_text] 10:00 val.[\/vc_column_text][\/vc_column][vc_column width=&#8221;1\/3&#8243;][vc_empty_space][vc_column_text] Puod\u017ei\u0173 g. 11, Kaunas[\/vc_column_text][\/vc_column][\/vc_row][vc_row][vc_column][vc_column_text] Kvie\u010diame dalyvauti Kauno kolegijos Medicinos fakulteto mokslin\u0117je konferencijoje \u201eSlaugos mokslas ir praktika: i\u0161\u0161\u016bkiai ir galimyb\u0117s 2024\u201c, skirtoje Tarptautinei slaugytoj\u0173 ir aku\u0161eri\u0173 dienai pamin\u0117ti. &nbsp; \u21d2 Prane\u0161imai, atsi\u017evelgiant \u012f konferencijos tematines kryptis po plenarinio pos\u0117d\u017eio, bus skirstomi \u012f 2 sekcijas. \u21d2 Prane\u0161imus [&hellip;]<\/p>\n","protected":false},"author":37,"featured_media":14990,"comment_status":"closed","ping_status":"closed","sticky":false,"template":"","format":"standard","meta":{"footnotes":""},"categories":[1],"tags":[],"class_list":["post-14991","post","type-post","status-publish","format-standard","has-post-thumbnail","hentry","category-naujienos"],"_links":{"self":[{"href":"https:\/\/archyvas.kaunokolegija.lt\/mf\/wp-json\/wp\/v2\/posts\/14991","targetHints":{"allow":["GET"]}}],"collection":[{"href":"https:\/\/archyvas.kaunokolegija.lt\/mf\/wp-json\/wp\/v2\/posts"}],"about":[{"href":"https:\/\/archyvas.kaunokolegija.lt\/mf\/wp-json\/wp\/v2\/types\/post"}],"author":[{"embeddable":true,"href":"https:\/\/archyvas.kaunokolegija.lt\/mf\/wp-json\/wp\/v2\/users\/37"}],"replies":[{"embeddable":true,"href":"https:\/\/archyvas.kaunokolegija.lt\/mf\/wp-json\/wp\/v2\/comments?post=14991"}],"version-history":[{"count":5,"href":"https:\/\/archyvas.kaunokolegija.lt\/mf\/wp-json\/wp\/v2\/posts\/14991\/revisions"}],"predecessor-version":[{"id":15597,"href":"https:\/\/archyvas.kaunokolegija.lt\/mf\/wp-json\/wp\/v2\/posts\/14991\/revisions\/15597"}],"wp:featuredmedia":[{"embeddable":true,"href":"https:\/\/archyvas.kaunokolegija.lt\/mf\/wp-json\/wp\/v2\/media\/14990"}],"wp:attachment":[{"href":"https:\/\/archyvas.kaunokolegija.lt\/mf\/wp-json\/wp\/v2\/media?parent=14991"}],"wp:term":[{"taxonomy":"category","embeddable":true,"href":"https:\/\/archyvas.kaunokolegija.lt\/mf\/wp-json\/wp\/v2\/categories?post=14991"},{"taxonomy":"post_tag","embeddable":true,"href":"https:\/\/archyvas.kaunokolegija.lt\/mf\/wp-json\/wp\/v2\/tags?post=14991"}],"curies":[{"name":"wp","href":"https:\/\/api.w.org\/{rel}","templated":true}]}}